{"id":111640,"date":"2026-03-17T10:42:18","date_gmt":"2026-03-17T10:42:18","guid":{"rendered":"https:\/\/www.primaboats.com\/?post_type=noticias&#038;p=111640"},"modified":"2026-03-17T10:42:18","modified_gmt":"2026-03-17T10:42:18","slug":"prima-boats-ein-echtes-engagement-fur-das-meer","status":"publish","type":"noticias","link":"https:\/\/www.primaboats.com\/de\/nachrichten-zum-hochseesegeln\/prima-boats-ein-echtes-engagement-fur-das-meer\/","title":{"rendered":"Prima Boats: Mehr als Yachtcharter, ein echtes Engagement f\u00fcr das Meer"},"content":{"rendered":"Bei Prima Boats ist das Meer mehr als nur ein Arbeitsplatz. Es ist der Ort, an dem wir unsere Tage verbringen, an dem unsere Kunden unvergessliche Erinnerungen schaffen und an dem wir uns am meisten zu Hause f\u00fchlen.\r\n\r\nDoch unsere Verbindung zur K\u00fcste Mallorcas endet nicht, wenn die Bootsaison langsamer wird. Tats\u00e4chlich erh\u00e4lt unsere Beziehung zum Meer w\u00e4hrend der ruhigeren Wintermonate eine ganz andere Bedeutung.\r\n\r\n&nbsp;\r\n<h2>Eine andere M\u00f6glichkeit, die K\u00fcste zu erleben<\/h2>\r\n&nbsp;\r\n\r\nWenn die Aktivit\u00e4t auf dem Wasser nachl\u00e4sst, nutzen wir die Gelegenheit, die Natur aus einer anderen Perspektive zu genie\u00dfen. Der Winter ist die perfekte Zeit f\u00fcr K\u00fcstenspazierg\u00e4nge, lange Wanderungen entlang der Klippen und das Entdecken der K\u00fcste Mallorcas ohne die Sommermassen.\r\n\r\nZusammen mit unserem Hund Llum erkunden wir oft die S\u00fcdwestk\u00fcste in der N\u00e4he von Port d\u2019Andratx. Diese Spazierg\u00e4nge erm\u00f6glichen es uns, uns mit der Landschaft zu verbinden, die unsere t\u00e4gliche Arbeit w\u00e4hrend der Saison pr\u00e4gt. Ein Ort, der uns besonders am Herzen liegt, ist Cala Egos.\r\n\r\n&nbsp;\r\n<h2>Pflege von Cala Egos w\u00e4hrend der Wintermonate<\/h2>\r\n&nbsp;\r\n\r\nNach Winterst\u00fcrmen bringt das Meer oft Plastik und Abf\u00e4lle an den Strand. W\u00e4hrend viele dieser R\u00fcckst\u00e4nde klein erscheinen, kann ihre Auswirkung langanhaltend sein, wenn sie wieder ins Wasser gelangen und sich in Mikroplastik zersetzen.\r\n\r\nAus diesem Grund widmen wir regelm\u00e4\u00dfig Zeit der Reinigung von Cala Egos, indem wir Plastikm\u00fcll und Abf\u00e4lle entfernen, die angesp\u00fclt wurden. Es handelt sich nicht um eine gro\u00df angelegte Aktion. Es ist einfach ein bewusstes und konsequentes Bem\u00fchen, diese Materialien daran zu hindern, wieder ins Meer zu gelangen.\r\n\r\nMikroplastik ist eine der gr\u00f6\u00dften Bedrohungen f\u00fcr das marine Leben. Abf\u00e4lle davon abzuhalten, wieder ins Wasser zu gelangen, ist eine einfache, aber bedeutungsvolle M\u00f6glichkeit, das \u00d6kosystem rund um Mallorca zu sch\u00fctzen.\r\n\r\n&nbsp;\r\n<h2>Eine kleine Geste, die unsere Philosophie widerspiegelt<\/h2>\r\n&nbsp;\r\n\r\nWir sehen dies nicht als Marketingma\u00dfnahme oder saisonale Kampagne. Es ist eine nat\u00fcrliche Erweiterung dessen, wie wir Bootfahren verstehen.\r\n\r\nIn einer so privilegierten Umgebung zu arbeiten, bringt Verantwortung mit sich. Das Mittelmeer schenkt uns au\u00dfergew\u00f6hnliche Landschaften, kristallklares Wasser und versteckte Buchten, die die Prima Boats-Erfahrung definieren. Etwas zur\u00fcckzugeben, auch durch kleine Aktionen, f\u00fchlt sich notwendig an.\r\n\r\nJede kleine Geste z\u00e4hlt. Und wenn es ums Meer geht, k\u00f6nnen kleine Gesten einen echten Unterschied machen.\r\n\r\n&nbsp;\r\n<h2>Nachhaltigkeit als Teil des modernen Yachtens<\/h2>\r\n&nbsp;\r\n\r\nYachtcharter und Bootsverleih stehen f\u00fcr Freiheit, Entdeckung und Genuss. Aber sie stehen auch f\u00fcr Bewusstsein.\r\n\r\nImmer mehr Reisende sch\u00e4tzen Unternehmen, die ihre Umweltauswirkungen verstehen und Schritte unternehmen, um diese, auch wenn sie bescheiden sind, zu reduzieren. F\u00fcr uns ist Nachhaltigkeit kein Etikett \u2013 sie ist Teil unserer t\u00e4glichen Denkweise.\r\n\r\nDie Einhaltung der Geschwindigkeitsbegrenzungen in K\u00fcstenn\u00e4he, die F\u00f6rderung verantwortungsvoller Ankerpraktiken und die sorgf\u00e4ltige Pflege unserer Flotte geh\u00f6ren alle zu diesem Engagement. Die Winterreinigung der Str\u00e4nde ist einfach ein weiterer Ausdruck der gleichen Philosophie.\r\n\r\n&nbsp;\r\n<h2>Eine tiefere Verbindung zu Port d\u2019Andratx<\/h2>\r\n&nbsp;\r\n\r\nMit Sitz in Port d\u2019Andratx zu sein bedeutet, von einer der sch\u00f6nsten K\u00fcsten Mallorcas umgeben zu sein. Cala Llamp, Sant Elm, Sa Dragonera und die vielen versteckten Buchten im S\u00fcdwesten sind nicht nur Ziele f\u00fcr unsere Kunden \u2013 sie sind Teil unseres Alltags.\r\n\r\nDie Pflege dieser Umgebung stellt sicher, dass zuk\u00fcnftige Generationen Mallorca vom Meer aus genauso erleben k\u00f6nnen wie wir es heute tun.\r\n\r\nBei Prima Boats, <a href=\"https:\/\/www.primaboats.com\/de\/\">Boot mieten Mallorca<\/a>, glauben wir, dass das Genie\u00dfen des Mittelmeers und der Schutz des Meeres Hand in Hand gehen sollten. Denn wahrer Luxus geht nicht nur um das Erlebnis \u2013 es geht darum, den Ort zu bewahren, der dieses Erlebnis m\u00f6glich macht.","protected":false},"featured_media":111636,"menu_order":0,"template":"","class_list":["post-111640","noticias","type-noticias","status-publish","has-post-thumbnail","hentry"],"acf":[],"_links":{"self":[{"href":"https:\/\/www.primaboats.com\/de\/wp-json\/wp\/v2\/noticias\/111640","targetHints":{"allow":["GET"]}}],"collection":[{"href":"https:\/\/www.primaboats.com\/de\/wp-json\/wp\/v2\/noticias"}],"about":[{"href":"https:\/\/www.primaboats.com\/de\/wp-json\/wp\/v2\/types\/noticias"}],"wp:featuredmedia":[{"embeddable":true,"href":"https:\/\/www.primaboats.com\/de\/wp-json\/wp\/v2\/media\/111636"}],"wp:attachment":[{"href":"https:\/\/www.primaboats.com\/de\/wp-json\/wp\/v2\/media?parent=111640"}],"curies":[{"name":"wp","href":"https:\/\/api.w.org\/{rel}","templated":true}]}}