{"id":110291,"date":"2025-11-26T10:51:48","date_gmt":"2025-11-26T10:51:48","guid":{"rendered":"https:\/\/www.primaboats.com\/?post_type=noticias&#038;p=110291"},"modified":"2025-11-27T10:54:56","modified_gmt":"2025-11-27T10:54:56","slug":"primaboats-auf-der-ice-25","status":"publish","type":"noticias","link":"https:\/\/www.primaboats.com\/de\/nachrichten-zum-hochseesegeln\/primaboats-auf-der-ice-25\/","title":{"rendered":"Primaboats auf der ICE 25: Ein Erlebnis, das uns in eine neue Saison antreibt"},"content":{"rendered":"Wir sind gerade von der International Charter Expo 2025 in Amsterdam zur\u00fcckgekehrt, und die Ergebnisse k\u00f6nnten nicht zufriedenstellender sein. Es war eine intensive Zeit, voller Meetings, Ideenaustausch und einer Vielzahl positiver Eindr\u00fccke, die uns bereit machen, die kommende Saison mit neuer Energie anzugehen. Die Messe hat uns erm\u00f6glicht, die neuesten Trends im Chartersektor kennenzulernen und wichtige Beziehungen aufzubauen, die unser Angebot an <a href=\"https:\/\/www.primaboats.com\/de\/\">Boots und Yachtverleih in Mallorca<\/a> st\u00e4rken werden.\r\n<h2>St\u00e4rkung von Beziehungen und neue M\u00f6glichkeiten der internationalen Zusammenarbeit<\/h2>\r\n&nbsp;\r\n\r\nEiner der herausragenden Punkte war die Vertiefung unserer Beziehung zu Agenturen, mit denen wir seit Jahren zusammenarbeiten. Es gibt nichts Besseres als den pers\u00f6nlichen Kontakt, um gegenseitiges Vertrauen zu st\u00e4rken und gemeinsame Visionen und Zukunftsziele zu teilen. Diese Art von Interaktionen erm\u00f6glicht es uns, neue Kooperationsm\u00f6glichkeiten weiter voranzutreiben, insbesondere im Bereich des Boots- und Yachtverleihs auf Mallorca, wo wir weiterhin f\u00fcr unsere F\u00e4higkeit hervorstechen, einzigartige Erlebnisse auf der Insel zu bieten.\r\n\r\nAber wir haben uns nicht nur darauf konzentriert, die Beziehungen zu denen zu st\u00e4rken, mit denen wir bereits zusammenarbeiten. Wir hatten auch die Gelegenheit, neue Partner aus Europa und den USA zu gewinnen, was neue Expansionsm\u00f6glichkeiten f\u00fcr PrimaBoats er\u00f6ffnet. Diese leidenschaftlichen Charter-Profis teilen unsere Vision, Premium-Erlebnisse zu bieten, und gemeinsam sind wir \u00fcberzeugt, dass wir im internationalen Markt weiter wachsen k\u00f6nnen.\r\n\r\n<img loading=\"lazy\" decoding=\"async\" class=\"alignnone size-medium wp-image-110289\" src=\"https:\/\/www.primaboats.com\/wp-content\/uploads\/2025\/11\/WhatsApp-Image-2025-11-25-at-10.42.17-4-225x300.jpeg\" alt=\"-\" width=\"225\" height=\"300\" title=\"\" srcset=\"https:\/\/www.primaboats.com\/wp-content\/uploads\/2025\/11\/WhatsApp-Image-2025-11-25-at-10.42.17-4-225x300.jpeg 225w, https:\/\/www.primaboats.com\/wp-content\/uploads\/2025\/11\/WhatsApp-Image-2025-11-25-at-10.42.17-4-768x1024.jpeg 768w, https:\/\/www.primaboats.com\/wp-content\/uploads\/2025\/11\/WhatsApp-Image-2025-11-25-at-10.42.17-4-1152x1536.jpeg 1152w, https:\/\/www.primaboats.com\/wp-content\/uploads\/2025\/11\/WhatsApp-Image-2025-11-25-at-10.42.17-4.jpeg 1200w\" sizes=\"auto, (max-width: 225px) 100vw, 225px\" \/> <img loading=\"lazy\" decoding=\"async\" class=\"alignnone size-medium wp-image-110286\" src=\"https:\/\/www.primaboats.com\/wp-content\/uploads\/2025\/11\/WhatsApp-Image-2025-11-25-at-10.42.16-1-225x300.jpeg\" alt=\"-\" width=\"225\" height=\"300\" title=\"\" srcset=\"https:\/\/www.primaboats.com\/wp-content\/uploads\/2025\/11\/WhatsApp-Image-2025-11-25-at-10.42.16-1-225x300.jpeg 225w, https:\/\/www.primaboats.com\/wp-content\/uploads\/2025\/11\/WhatsApp-Image-2025-11-25-at-10.42.16-1-768x1024.jpeg 768w, https:\/\/www.primaboats.com\/wp-content\/uploads\/2025\/11\/WhatsApp-Image-2025-11-25-at-10.42.16-1-1152x1536.jpeg 1152w, https:\/\/www.primaboats.com\/wp-content\/uploads\/2025\/11\/WhatsApp-Image-2025-11-25-at-10.42.16-1.jpeg 1200w\" sizes=\"auto, (max-width: 225px) 100vw, 225px\" \/> <img loading=\"lazy\" decoding=\"async\" class=\"alignnone size-medium wp-image-110283\" src=\"https:\/\/www.primaboats.com\/wp-content\/uploads\/2025\/11\/WhatsApp-Image-2025-11-25-at-10.42.17-5-225x300.jpeg\" alt=\"-\" width=\"225\" height=\"300\" title=\"\" srcset=\"https:\/\/www.primaboats.com\/wp-content\/uploads\/2025\/11\/WhatsApp-Image-2025-11-25-at-10.42.17-5-225x300.jpeg 225w, https:\/\/www.primaboats.com\/wp-content\/uploads\/2025\/11\/WhatsApp-Image-2025-11-25-at-10.42.17-5-768x1024.jpeg 768w, https:\/\/www.primaboats.com\/wp-content\/uploads\/2025\/11\/WhatsApp-Image-2025-11-25-at-10.42.17-5-1152x1536.jpeg 1152w, https:\/\/www.primaboats.com\/wp-content\/uploads\/2025\/11\/WhatsApp-Image-2025-11-25-at-10.42.17-5.jpeg 1200w\" sizes=\"auto, (max-width: 225px) 100vw, 225px\" \/>\r\n<h2>Ausblick auf die Saison 2026 und neue Projekte f\u00fcr PrimaBoats<\/h2>\r\n&nbsp;\r\n\r\nWir sind fest davon \u00fcberzeugt, dass sich die Investition, die wir auf dieser Messe get\u00e4tigt haben, in einer Saison 2026 widerspiegeln wird, die von neuen Projekten und greifbaren Erfolgen gepr\u00e4gt sein wird. Wir kehren mit erneuerter Energie und frischen Ideen nach Mallorca zur\u00fcck, die es uns erm\u00f6glichen werden, weiterhin exzellenten Service f\u00fcr unsere Kunden zu bieten. Die neuen Projekte, die sich abzeichnen, sind eine ausgezeichnete Gelegenheit, weiter zu wachsen und unser Engagement f\u00fcr Qualit\u00e4t in jedem unserer Boots- und Yachtverleihs auf Mallorca aufrechtzuerhalten.\r\n\r\nWenn du mehr \u00fcber unser Angebot erfahren oder eine Buchung f\u00fcr die kommende Saison vornehmen m\u00f6chtest, besuche unsere Website bei Primaboats und finde die beste M\u00f6glichkeit, das Meer in Mallorca zu genie\u00dfen.\r\n\r\n<img loading=\"lazy\" decoding=\"async\" class=\"size-medium wp-image-110269 aligncenter\" src=\"https:\/\/www.primaboats.com\/wp-content\/uploads\/2025\/11\/Primaboats-en-ICE-25-225x300.jpeg\" alt=\"-\" width=\"225\" height=\"300\" title=\"\" srcset=\"https:\/\/www.primaboats.com\/wp-content\/uploads\/2025\/11\/Primaboats-en-ICE-25-225x300.jpeg 225w, https:\/\/www.primaboats.com\/wp-content\/uploads\/2025\/11\/Primaboats-en-ICE-25-768x1024.jpeg 768w, https:\/\/www.primaboats.com\/wp-content\/uploads\/2025\/11\/Primaboats-en-ICE-25-1152x1536.jpeg 1152w, https:\/\/www.primaboats.com\/wp-content\/uploads\/2025\/11\/Primaboats-en-ICE-25.jpeg 1200w\" sizes=\"auto, (max-width: 225px) 100vw, 225px\" \/>","protected":false},"featured_media":110272,"menu_order":0,"template":"","class_list":["post-110291","noticias","type-noticias","status-publish","has-post-thumbnail","hentry"],"acf":[],"_links":{"self":[{"href":"https:\/\/www.primaboats.com\/de\/wp-json\/wp\/v2\/noticias\/110291","targetHints":{"allow":["GET"]}}],"collection":[{"href":"https:\/\/www.primaboats.com\/de\/wp-json\/wp\/v2\/noticias"}],"about":[{"href":"https:\/\/www.primaboats.com\/de\/wp-json\/wp\/v2\/types\/noticias"}],"wp:featuredmedia":[{"embeddable":true,"href":"https:\/\/www.primaboats.com\/de\/wp-json\/wp\/v2\/media\/110272"}],"wp:attachment":[{"href":"https:\/\/www.primaboats.com\/de\/wp-json\/wp\/v2\/media?parent=110291"}],"curies":[{"name":"wp","href":"https:\/\/api.w.org\/{rel}","templated":true}]}}