{"id":109547,"date":"2025-10-23T12:22:38","date_gmt":"2025-10-23T12:22:38","guid":{"rendered":"https:\/\/www.primaboats.com\/?post_type=noticias&#038;p=109547"},"modified":"2025-10-23T12:22:38","modified_gmt":"2025-10-23T12:22:38","slug":"winterregatten-port-andratx-prima-boats","status":"publish","type":"noticias","link":"https:\/\/www.primaboats.com\/de\/nachrichten-zum-hochseesegeln\/winterregatten-port-andratx-prima-boats\/","title":{"rendered":"PrimaBoats nimmt an den Winterregatten des Club de Vela Port d\u2019Andratx teil"},"content":{"rendered":"In diesem Winter kehrt <strong>PrimaBoats<\/strong> in die Gew\u00e4sser Mallorcas zur\u00fcck und nimmt an den <strong>Winterregatten \u2013 La Liguilla<\/strong> teil, die vom <strong>Club de Vela Port d\u2019Andratx<\/strong> organisiert werden.\r\n\r\nUnser <a href=\"https:\/\/www.primaboats.com\/de\/portfolio\/cigale-52\/\">Segelboot Alubat Cigale 16<\/a> ist nach zwei spannenden Saisons in der Karibik wieder zu Hause, wo wir an internationalen Top-Regatten wie der <strong>Sint Maarten Heineken Regatta<\/strong> und der <strong>British Virgin Islands Spring Regatta<\/strong> teilgenommen haben.\r\n\r\nNach intensiven Erfahrungen in tropischen Gew\u00e4ssern kehrt unser Team mit derselben Begeisterung, Lernfreude und sportlichem Geist nach Mallorca zur\u00fcck, die uns schon immer ausgezeichnet haben.\r\n<h2>Eine neue Saison mit gro\u00dfartigen Eindr\u00fccken<\/h2>\r\n&nbsp;\r\n\r\n<strong>\u00a0<\/strong>In dieser neuen Etappe pr\u00e4sentieren wir stolz unsere neue <strong>Genua von Quantum Sails<\/strong>, die eine hervorragende Leistung und ein fantastisches Segelgef\u00fchl bei jedem Schlag bietet.\r\n\r\nJeder Tag auf dem Meer ist eine Gelegenheit, Man\u00f6ver zu perfektionieren, die Teamkoordination zu st\u00e4rken und den Wind und die Wellen in einer der sch\u00f6nsten Segelregionen des Mittelmeers zu genie\u00dfen.\r\n<h2>Leidenschaft, Sportsgeist und Gemeinschaft<\/h2>\r\n&nbsp;\r\n\r\nWir danken dem <strong>Club de Vela Port d\u2019Andratx<\/strong> f\u00fcr die hervorragende Organisation und daf\u00fcr, dass er Jahr f\u00fcr Jahr den Segelsport f\u00f6rdert und damit eine Tradition lebendig h\u00e4lt, die tief in der Kultur unserer Insel verwurzelt ist.\r\n\r\nEbenso danken wir dem gesamten <strong>PrimaBoats-Team<\/strong>, das mit Begeisterung, Ausdauer und Teamgeist an jeder Regatta teilnimmt und die Verbindung zwischen <strong>Sport, Meer und Freundschaft<\/strong> st\u00e4rkt.\r\n\r\nDiese Regatten sind weit mehr als nur ein Wettkampf \u2013 sie sind ein Treffpunkt f\u00fcr Segler, die dieselbe Leidenschaft f\u00fcr das Meer und den mediterranen Lebensstil teilen.\r\n<h2>Engagement f\u00fcr das Meer und das Segeln<\/h2>\r\n&nbsp;\r\n\r\nBei PrimaBoats,<strong>\u00a0<\/strong><a href=\"https:\/\/www.primaboats.com\/de\/\">Boot mieten und Yacht chartern in Mallorca<\/a><strong>,<\/strong> leben wir die Nautik nicht nur als Beruf, sondern als Lebensphilosophie.\r\n\r\nDeshalb engagieren wir uns weiterhin f\u00fcr <strong>Sportsgeist, Nachhaltigkeit und die maritime Gemeinschaft<\/strong> und nehmen aktiv an Veranstaltungen teil, die das Segeln und den mediterranen Geist feiern.\r\n\r\nJede Regatta ist eine Gelegenheit, Neues zu lernen, Erfahrungen zu teilen und Verbindungen zu allen zu st\u00e4rken, die unsere Leidenschaft f\u00fcr das Meer teilen.\r\n<h2>Mit Blick auf die n\u00e4chste Regatta<\/h2>\r\n&nbsp;\r\n\r\nDer Winterkalender geht weiter, und bei <strong>PrimaBoats<\/strong> segeln wir mit neuer Energie, Begeisterung und dem festen Willen, jede Zeit auf dem Meer zu genie\u00dfen.\r\n\r\nAn alle, die uns auf diesem Weg begleiten \u2013 vielen Dank f\u00fcr eure Unterst\u00fctzung und euren Enthusiasmus.\r\n\r\nWir sehen uns bei der n\u00e4chsten Regatta\u2026 guten Wind und eine sichere Fahrt!","protected":false},"featured_media":109543,"menu_order":0,"template":"","class_list":["post-109547","noticias","type-noticias","status-publish","has-post-thumbnail","hentry"],"acf":[],"_links":{"self":[{"href":"https:\/\/www.primaboats.com\/de\/wp-json\/wp\/v2\/noticias\/109547","targetHints":{"allow":["GET"]}}],"collection":[{"href":"https:\/\/www.primaboats.com\/de\/wp-json\/wp\/v2\/noticias"}],"about":[{"href":"https:\/\/www.primaboats.com\/de\/wp-json\/wp\/v2\/types\/noticias"}],"wp:featuredmedia":[{"embeddable":true,"href":"https:\/\/www.primaboats.com\/de\/wp-json\/wp\/v2\/media\/109543"}],"wp:attachment":[{"href":"https:\/\/www.primaboats.com\/de\/wp-json\/wp\/v2\/media?parent=109547"}],"curies":[{"name":"wp","href":"https:\/\/api.w.org\/{rel}","templated":true}]}}