{"id":109482,"date":"2025-10-22T09:31:38","date_gmt":"2025-10-22T09:31:38","guid":{"rendered":"https:\/\/www.primaboats.com\/?post_type=noticias&#038;p=109482"},"modified":"2025-10-22T09:32:05","modified_gmt":"2025-10-22T09:32:05","slug":"primaboats-nimmt-an-der-ii-fira-marinera-in-andratx-teil","status":"publish","type":"noticias","link":"https:\/\/www.primaboats.com\/de\/nachrichten-zum-hochseesegeln\/primaboats-nimmt-an-der-ii-fira-marinera-in-andratx-teil\/","title":{"rendered":"PrimaBoats nimmt an der II Fira Marinera in Andratx teil"},"content":{"rendered":"Am vergangenen Wochenende hatte <strong>PrimaBoats<\/strong> das Vergn\u00fcgen, an der <strong>zweiten Fira Marinera von Andratx<\/strong> teilzunehmen \u2013 einer Veranstaltung, die vom <strong>Rathaus von Andratx<\/strong> in Zusammenarbeit mit dem <strong>Segelclub Port d\u2019Andratx<\/strong> organisiert wurde.\r\n\r\nDie Messe brachte Unternehmen, Fachleute und Meeresliebhaber in einer einzigartigen Umgebung zusammen, in der maritime Tradition, Gastronomie und nautische Innovation im Mittelpunkt standen.\r\n\r\nDas gesamte Wochenende \u00fcber konnten die Besucher zahlreiche Aktivit\u00e4ten, Ausstellungen, Verkostungen und ein vielf\u00e4ltiges Angebot an Dienstleistungen rund um die Nautik genie\u00dfen. Die Messe hat sich damit als eines der wichtigsten maritimen Ereignisse auf Mallorca etabliert.\r\n<h2>Starke Pr\u00e4senz von PrimaBoats im Hafen von Andratx<\/h2>\r\n&nbsp;\r\n\r\nAn ihrem Stand im Hafen pr\u00e4sentierte <strong>PrimaBoats<\/strong> ihr vielseitiges Angebot rund um das <a href=\"https:\/\/www.primaboats.com\/de\/\">Boot mieten und Yacht chartern in Mallorca<\/a>, erg\u00e4nzt durch umfassende Wartungs- und Yachtmanagement-Dienstleistungen.\r\n\r\nEs war eine hervorragende Gelegenheit, unsere Leidenschaft f\u00fcr das Meer zu teilen, mit Kunden und Partnern in Kontakt zu treten und das Engagement des Unternehmens f\u00fcr die nachhaltige Entwicklung des nautischen Sektors im S\u00fcdwesten der Insel zu st\u00e4rken.\r\n\r\nDie Teilnahme von PrimaBoats erm\u00f6glichte es, die neuesten Innovationen in der Flotte und die Werte des Unternehmens hautnah zu pr\u00e4sentieren: <strong>Exzellenz, Professionalit\u00e4t und pers\u00f6nliche Betreuung jedes Kunden<\/strong>.\r\n\r\n<img loading=\"lazy\" decoding=\"async\" class=\" wp-image-109474 aligncenter\" src=\"https:\/\/www.primaboats.com\/wp-content\/uploads\/2025\/10\/II-Fira-Marinera-de-Andratx-300x225.jpeg\" alt=\"II Fira Marinera de Andratx\" width=\"340\" height=\"255\" title=\"\" srcset=\"https:\/\/www.primaboats.com\/wp-content\/uploads\/2025\/10\/II-Fira-Marinera-de-Andratx-300x225.jpeg 300w, https:\/\/www.primaboats.com\/wp-content\/uploads\/2025\/10\/II-Fira-Marinera-de-Andratx-1024x768.jpeg 1024w, https:\/\/www.primaboats.com\/wp-content\/uploads\/2025\/10\/II-Fira-Marinera-de-Andratx-768x576.jpeg 768w, https:\/\/www.primaboats.com\/wp-content\/uploads\/2025\/10\/II-Fira-Marinera-de-Andratx-1536x1152.jpeg 1536w, https:\/\/www.primaboats.com\/wp-content\/uploads\/2025\/10\/II-Fira-Marinera-de-Andratx.jpeg 1600w\" sizes=\"auto, (max-width: 340px) 100vw, 340px\" \/>\r\n<h2>Dank an die Institutionen und die lokale Gemeinschaft<\/h2>\r\n&nbsp;\r\n\r\n<strong>PrimaBoats<\/strong> bedankt sich herzlich beim <strong>Rathaus von Andratx<\/strong> und dem <strong>Segelclub Port d\u2019Andratx<\/strong> f\u00fcr die hervorragende Organisation und die st\u00e4ndige Unterst\u00fctzung der lokalen nautischen Gemeinschaft.\r\n\r\nVeranstaltungen wie die Fira Marinera sind ein Beispiel f\u00fcr die erfolgreiche Zusammenarbeit zwischen Institutionen, Unternehmen und B\u00fcrgern und tragen zur F\u00f6rderung des Tourismus, der maritimen Wirtschaft und der Bewahrung der mallorquinischen Seefahrtskultur bei.\r\n<h2>Engagement f\u00fcr Exzellenz und den mediterranen Lebensstil<\/h2>\r\n&nbsp;\r\n\r\nBei <strong>PrimaBoats<\/strong> setzen wir weiterhin auf <strong>einzigartige Erlebnisse auf dem Meer<\/strong>, die einen <strong>mediterranen Lebensstil<\/strong> f\u00f6rdern, der auf Leidenschaft f\u00fcr das Segeln, Vertrauen und Servicequalit\u00e4t basiert.\r\n\r\nDie Teilnahme an der <strong>II. Fira Marinera von Andratx<\/strong> st\u00e4rkt unsere Mission, die Nautik einem breiten Publikum n\u00e4herzubringen und den <strong>Respekt f\u00fcr die Meeresumwelt<\/strong> zu f\u00f6rdern.\r\n\r\n<img loading=\"lazy\" decoding=\"async\" class=\" wp-image-109477 aligncenter\" src=\"https:\/\/www.primaboats.com\/wp-content\/uploads\/2025\/10\/PrimaBoats-225x300.jpeg\" alt=\"PrimaBoats\" width=\"248\" height=\"331\" title=\"\" srcset=\"https:\/\/www.primaboats.com\/wp-content\/uploads\/2025\/10\/PrimaBoats-225x300.jpeg 225w, https:\/\/www.primaboats.com\/wp-content\/uploads\/2025\/10\/PrimaBoats-768x1024.jpeg 768w, https:\/\/www.primaboats.com\/wp-content\/uploads\/2025\/10\/PrimaBoats-1152x1536.jpeg 1152w, https:\/\/www.primaboats.com\/wp-content\/uploads\/2025\/10\/PrimaBoats.jpeg 1200w\" sizes=\"auto, (max-width: 248px) 100vw, 248px\" \/>","protected":false},"featured_media":109473,"menu_order":0,"template":"","class_list":["post-109482","noticias","type-noticias","status-publish","has-post-thumbnail","hentry"],"acf":[],"_links":{"self":[{"href":"https:\/\/www.primaboats.com\/de\/wp-json\/wp\/v2\/noticias\/109482","targetHints":{"allow":["GET"]}}],"collection":[{"href":"https:\/\/www.primaboats.com\/de\/wp-json\/wp\/v2\/noticias"}],"about":[{"href":"https:\/\/www.primaboats.com\/de\/wp-json\/wp\/v2\/types\/noticias"}],"wp:featuredmedia":[{"embeddable":true,"href":"https:\/\/www.primaboats.com\/de\/wp-json\/wp\/v2\/media\/109473"}],"wp:attachment":[{"href":"https:\/\/www.primaboats.com\/de\/wp-json\/wp\/v2\/media?parent=109482"}],"curies":[{"name":"wp","href":"https:\/\/api.w.org\/{rel}","templated":true}]}}